{"id":967,"date":"2021-09-07T16:44:43","date_gmt":"2021-09-07T16:44:43","guid":{"rendered":"https:\/\/fr.venngage.com\/blog\/?p=967"},"modified":"2022-02-17T14:29:38","modified_gmt":"2022-02-17T14:29:38","slug":"covid-chronologie-moments-critiques","status":"publish","type":"post","link":"https:\/\/fr.venngage.com\/blog\/covid-chronologie-moments-critiques\/","title":{"rendered":"Chronologie du COVID-19 : Moments critiques de la premi\u00e8re ann\u00e9e"},"content":{"rendered":"<p><img decoding=\"async\" loading=\"lazy\" class=\"wp-image-42211 size-full aligncenter\" src=\"https:\/\/venngage-wordpress.s3.amazonaws.com\/uploads\/2021\/01\/covid-timeline-blog-header.png\" alt=\"covid-19 timeline \" width=\"3200\" height=\"1800\" \/><\/p>\n<p><span style=\"font-weight: 400;\">En 2020, il est clair que le monde n&#8217;a jamais connu une telle ann\u00e9e. Au moment de la publication, le COVID-19 a touch\u00e9 plus de 200 pays, avec plus de 100 millions de cas et deux millions de d\u00e9c\u00e8s \u00e0 ce jour, selon le <\/span><a href=\"https:\/\/www.wsj.com\/livecoverage\/covid-2021-01-26\"><span style=\"font-weight: 400;\">Wall Street Journal<\/span><\/a><span style=\"font-weight: 400;\">.<\/span><\/p>\n<p><span style=\"font-weight: 400;\">En tant que plateforme de communication d&#8217;informations complexes, nous avons voulu examiner comment les gens communiquent sur les \u00e9v\u00e9nements qui ont eu lieu au cours de l&#8217;ann\u00e9e \u00e9coul\u00e9e. Nombreux sont ceux qui ont dress\u00e9 une liste des principaux \u00e9v\u00e9nements, comme <\/span><a href=\"https:\/\/www.nytimes.com\/article\/coronavirus-timeline.html\"><span style=\"font-weight: 400;\">le New York Times <\/span><\/a><span style=\"font-weight: 400;\">et <\/span><a href=\"https:\/\/www.sciencenews.org\/article\/coronavirus-covid19-pandemic-timeline-events\"><span style=\"font-weight: 400;\">ScienceNews<\/span><\/a><span style=\"font-weight: 400;\">, tandis que d&#8217;autres ont cr\u00e9\u00e9 des frises chronologiques interactives dont la navigation est un peu fastidieuse, comme <\/span><a href=\"https:\/\/www.nbcnews.com\/health\/health-news\/coronavirus-timeline-tracking-critical-moments-covid-19-n1154341\"><span style=\"font-weight: 400;\">NBC News <\/span><\/a><span style=\"font-weight: 400;\">et <\/span><a href=\"https:\/\/www.who.int\/emergencies\/diseases\/novel-coronavirus-2019\/interactive-timeline?gclid=EAIaIQobChMIg4_zyOat7gIVEb7ACh1XrwnMEAAYASAAEgKj2vD_BwE#event-115\"><span style=\"font-weight: 400;\">l&#8217;Organisation mondiale de la sant\u00e9<\/span><\/a><span style=\"font-weight: 400;\">.<\/span><\/p>\n<p><span style=\"font-weight: 400;\">Chez Venngage, nous pensons que les communications visuelles peuvent \u00eatre \u00e0 la fois intelligentes et simples. J&#8217;ai donc cr\u00e9\u00e9 une <\/span><a href=\"https:\/\/fr.venngage.com\/blog\/frise-chronologique-guide-debutants\/\"><span style=\"font-weight: 400;\">infographie sur la chronologie du <\/span><\/a><span style=\"font-weight: 400;\">COVID-19 pour montrer les moments les plus critiques \u00e0 ce jour. J&#8217;ai rassembl\u00e9 des donn\u00e9es et des informations relatives \u00e0 la propagation du virus, aux d\u00e9couvertes scientifiques, ainsi qu&#8217;aux \u00e9v\u00e9nements politiques et \u00e9conomiques, puis j&#8217;ai utilis\u00e9 notre outil de conception pour cr\u00e9er une infographie.<\/span><\/p>\n<p><span style=\"font-weight: 400;\">Jetez un coup d&#8217;\u0153il :<\/span><\/p>\n<p><img decoding=\"async\" loading=\"lazy\" class=\"wp-image-42233 size-full aligncenter\" style=\"border: 2px solid #ddd;\" src=\"https:\/\/venngage-wordpress.s3.amazonaws.com\/uploads\/2021\/01\/49e5dcf0-c6c9-42db-8e61-24b987eda423-8.png\" alt=\"covid-19 timeline \" width=\"2550\" height=\"13125\" \/><\/p>\n<h2><b>Cr\u00e9ation d&#8217;un calendrier bas\u00e9 sur les donn\u00e9es : le processus<\/b><\/h2>\n<p><span style=\"font-weight: 400;\">Naturellement, ce n&#8217;est pas la seule situation dans laquelle une infographie sur la chronologie peut aider \u00e0 raconter une histoire. Ces infographies peuvent relier des \u00e9v\u00e9nements et des informations de mani\u00e8re in\u00e9dite et passionnante, par exemple dans :<\/span><\/p>\n<ul>\n<li style=\"font-weight: 400;\"><span style=\"font-weight: 400;\">Calendrier des projets<\/span><\/li>\n<li style=\"font-weight: 400;\"><span style=\"font-weight: 400;\">Calendrier des processus<\/span><\/li>\n<li style=\"font-weight: 400;\"><span style=\"font-weight: 400;\">Chronologie historique<\/span><\/li>\n<li style=\"font-weight: 400;\"><span style=\"font-weight: 400;\">Calendrier de planification<\/span><\/li>\n<\/ul>\n<p><span style=\"font-weight: 400;\">Pourtant, j&#8217;ai constat\u00e9 qu&#8217;il y a encore beaucoup de lignes du temps qui sont cr\u00e9\u00e9es et qui ont l\u2019apparence suivante :<\/span><\/p>\n<p><img decoding=\"async\" loading=\"lazy\" class=\"wp-image-42214 size-full aligncenter\" style=\"border: 2px solid #ddd;\" src=\"https:\/\/venngage-wordpress.s3.amazonaws.com\/uploads\/2021\/01\/example1.jpeg\" alt=\"covid-19 timeline \" width=\"684\" height=\"417\" \/><\/p>\n<p><img decoding=\"async\" loading=\"lazy\" class=\"wp-image-42214 size-full aligncenter\" style=\"border: 2px solid #ddd;\" src=\"https:\/\/venngage-wordpress.s3.amazonaws.com\/uploads\/2021\/01\/example1.jpeg\" alt=\"covid-19 timeline \" width=\"684\" height=\"417\" \/><\/p>\n<p><a href=\"https:\/\/www.sciencenews.org\/article\/coronavirus-covid19-pandemic-timeline-events\"><span style=\"font-weight: 400;\">Source :<\/span><\/a><\/p>\n<p><span style=\"font-weight: 400;\">Ou \u00e7a :<\/span><\/p>\n<p><img decoding=\"async\" loading=\"lazy\" class=\"wp-image-42213 size-full aligncenter\" style=\"border: 2px solid #ddd;\" src=\"https:\/\/venngage-wordpress.s3.amazonaws.com\/uploads\/2021\/01\/example2.jpeg\" alt=\"covid-19 timeline \" width=\"918\" height=\"563\" \/><\/p>\n<p><a href=\"https:\/\/www.nbcnews.com\/health\/health-news\/coronavirus-timeline-tracking-critical-moments-covid-19-n1154341\"><span style=\"font-weight: 400;\">Source :<\/span><\/a><\/p>\n<p><span style=\"font-weight: 400;\">Ou \u00e7a :<\/span><\/p>\n<p><a href=\"https:\/\/www.who.int\/emergencies\/diseases\/novel-coronavirus-2019\/interactive-timeline?gclid=EAIaIQobChMIg4_zyOat7gIVEb7ACh1XrwnMEAAYASAAEgKj2vD_BwE#event-115\"><span style=\"font-weight: 400;\">Source :<\/span><\/a><\/p>\n<p><span style=\"font-weight: 400;\">Il n&#8217;est pas n\u00e9cessaire d&#8217;\u00eatre un designer professionnel pour <\/span><a href=\"https:\/\/fr.venngage.com\/blog\/frise-chronologique-guide-debutants\/\"><span style=\"font-weight: 400;\">r\u00e9aliser une infographie sur la chronologie des \u00e9v\u00e9nements<\/span><\/a><span style=\"font-weight: 400;\">, mais vous devez savoir comment commencer et \u00e0 quoi vous devez faire attention lorsque vous assemblez les pi\u00e8ces. Je vais donc vous expliquer comment j&#8217;ai cr\u00e9\u00e9 l&#8217;infographie ci-dessus, en partant de z\u00e9ro.<\/span><\/p>\n<h3><b>1. Trouver des donn\u00e9es<\/b><\/h3>\n<p><span style=\"font-weight: 400;\">La premi\u00e8re \u00e9tape a consist\u00e9 \u00e0 <\/span><a href=\"https:\/\/fr.venngage.com\/blog\/comment-creer-infographie\/\"><span style=\"font-weight: 400;\">trouver de bonnes sources de donn\u00e9es<\/span><\/a><span style=\"font-weight: 400;\">. Les organes d&#8217;information sont g\u00e9n\u00e9ralement une bonne source, et un examen de diff\u00e9rents organes a rapidement r\u00e9v\u00e9l\u00e9 qu&#8217;ils rendaient compte de diff\u00e9rents \u00e9v\u00e9nements et de diff\u00e9rentes mani\u00e8res. Il y avait \u00e9galement des sources r\u00e9put\u00e9es non li\u00e9es \u00e0 l&#8217;actualit\u00e9, issues de la communaut\u00e9 m\u00e9dicale et de la sant\u00e9, qui ont pu apporter plus de nuances et de profondeur.<\/span><\/p>\n<h3><b>2. S\u00e9lection des \u00e9v\u00e9nements<\/b><\/h3>\n<p><span style=\"font-weight: 400;\">Apr\u00e8s avoir pass\u00e9 en revue les nombreux \u00e9v\u00e9nements \u00e0 inclure potentiellement, il \u00e9tait important de se demander : &#8220;Quels sont les \u00e9v\u00e9nements qui pr\u00e9sentent le plus d&#8217;int\u00e9r\u00eat pour un public g\u00e9n\u00e9ral ?&#8221; J&#8217;ai commenc\u00e9 \u00e0 dresser la liste de ces \u00e9v\u00e9nements et il est apparu que la plupart d&#8217;entre eux \u00e9taient li\u00e9s \u00e0 quelques th\u00e8mes diff\u00e9rents : scientifiques, politiques et \u00e9conomiques.<\/span><\/p>\n<p><img decoding=\"async\" loading=\"lazy\" class=\"wp-image-42236 size-full aligncenter\" style=\"border: 2px solid #ddd;\" src=\"https:\/\/venngage-wordpress.s3.amazonaws.com\/uploads\/2021\/01\/covid-19-timeline-infographic-themes1.jpg\" alt=\"covid-19 timeline \" width=\"661\" height=\"298\" \/><\/p>\n<p><span style=\"font-weight: 400;\">J&#8217;ai d\u00e9cid\u00e9 que la repr\u00e9sentation de ces th\u00e8mes permettrait au lecteur de naviguer dans les informations en fonction de ses centres d&#8217;int\u00e9r\u00eat, tout en \u00e9tant capable de comprendre comment ces \u00e9v\u00e9nements sont li\u00e9s les uns aux autres. Ensuite, j&#8217;ai nettoy\u00e9 le texte qui serait utilis\u00e9 dans l&#8217;infographie et j&#8217;ai pr\u00e9par\u00e9 la conception.<\/span><\/p>\n<h3><b>3. D\u00e9cider de la mise en page<\/b><\/h3>\n<p><span style=\"font-weight: 400;\">En gardant \u00e0 l&#8217;esprit que je voulais faire ressortir ces th\u00e8mes, j&#8217;ai r\u00e9fl\u00e9chi \u00e0 la meilleure mise en page pour cette infographie. Apr\u00e8s avoir examin\u00e9 nos <\/span><a href=\"https:\/\/fr.venngage.com\/templates\/infographics\/timeline\"><span style=\"font-weight: 400;\">mod\u00e8les de lignes du temps<\/span><\/a><span style=\"font-weight: 400;\">, j&#8217;ai r\u00e9fl\u00e9chi \u00e0 ce qui pourrait le mieux convenir \u00e0 ce sujet. Comme cette infographie serait publi\u00e9e sur une page de notre blog, je savais que je pouvais la rendre assez longue dans son orientation, en esp\u00e9rant que les lecteurs la feraient d\u00e9filer au fur et \u00e0 mesure de leur lecture.<\/span><\/p>\n<p><span style=\"font-weight: 400;\">Il y a eu tellement d&#8217;\u00e9v\u00e9nements notables que j&#8217;ai d\u00e9cid\u00e9 d&#8217;utiliser un design simple qui serait facilement lisible de haut en bas et qui pourrait \u00e9galement repr\u00e9senter de mani\u00e8re pr\u00e9cise et visuelle le temps \u00e9coul\u00e9 entre chaque \u00e9v\u00e9nement.<\/span><\/p>\n<p><span style=\"font-weight: 400;\">Par exemple, la s\u00e9rie d&#8217;\u00e9v\u00e9nements survenus au d\u00e9but du printemps, lorsque le COVID-19 a \u00e9t\u00e9 d\u00e9clar\u00e9 pand\u00e9mie (voir ci-dessous), et les grandes p\u00e9riodes de l&#8217;\u00e9t\u00e9 et de l&#8217;automne, lorsque le monde attendait un vaccin.<\/span><\/p>\n<p><img decoding=\"async\" loading=\"lazy\" class=\"wp-image-42237 size-full aligncenter\" style=\"border: 2px solid #ddd;\" src=\"https:\/\/venngage-wordpress.s3.amazonaws.com\/uploads\/2021\/01\/covid-19-timeline-infographic-march.jpg\" alt=\"covid-19 timeline \" width=\"1975\" height=\"1008\" \/><\/p>\n<h3><b>4. R\u00e9diger et solliciter des commentaires<\/b><\/h3>\n<p><span style=\"font-weight: 400;\">J&#8217;ai ensuite commenc\u00e9 \u00e0 produire une \u00e9bauche de conception qui comprenait de nombreux \u00e9l\u00e9ments \u00e0 prendre en consid\u00e9ration. Je ne me suis pas concentr\u00e9 sur des d\u00e9tails comme les couleurs ou les polices de caract\u00e8res, mais j&#8217;ai plut\u00f4t jou\u00e9 avec des id\u00e9es pour savoir si et comment visualiser non seulement les \u00e9v\u00e9nements, mais aussi les changements dans le nombre de cas ainsi que les pays les plus touch\u00e9s. Toujours soucieux de l&#8217;exactitude, j&#8217;ai espac\u00e9 les mois de mani\u00e8re \u00e9gale sur la ligne du temps et ajout\u00e9 les \u00e9v\u00e9nements en fonction de leur date.<\/span><\/p>\n<p><img decoding=\"async\" loading=\"lazy\" class=\"wp-image-42220 size-full aligncenter\" style=\"border: 2px solid #ddd;\" src=\"https:\/\/venngage-wordpress.s3.amazonaws.com\/uploads\/2021\/01\/draft-cropped.jpg\" alt=\"covid-19 timeline \" width=\"1500\" height=\"545\" \/><\/p>\n<p><span style=\"font-weight: 400;\">L&#8217;\u00e9laboration d&#8217;une \u00e9bauche (voir ci-dessus) m&#8217;a permis d&#8217;obtenir un premier retour de mes co\u00e9quipiers sur ce qui, selon eux, fonctionnait le mieux et ce qui n\u00e9cessitait plus d&#8217;attention. Obtenir un retour d&#8217;information \u00e0 un stade pr\u00e9coce est une pratique souvent n\u00e9glig\u00e9e dans la conception, mais j&#8217;ai constat\u00e9 qu&#8217;elle est absolument essentielle.<\/span><\/p>\n<p><span style=\"font-weight: 400;\">Mes co\u00e9quipiers m&#8217;ont aid\u00e9 \u00e0 d\u00e9terminer ce qu&#8217;il \u00e9tait important d&#8217;ajouter et ce qu&#8217;il fallait supprimer pour plus de clart\u00e9. J&#8217;ai \u00e9galement test\u00e9 pour m&#8217;assurer que les dimensions que j&#8217;avais choisies s&#8217;int\u00e9greraient bien dans les limites d&#8217;un article de blog afin de mieux comprendre l&#8217;exp\u00e9rience du lecteur.<\/span><\/p>\n<h3><b>5. Cr\u00e9er les bonnes visualisations<\/b><\/h3>\n<p><span style=\"font-weight: 400;\">Il \u00e9tait maintenant temps de passer aux choses s\u00e9rieuses. La premi\u00e8re chose que j&#8217;ai faite a \u00e9t\u00e9 de supprimer beaucoup de choses inutiles, notamment toutes les dates de chaque \u00e9v\u00e9nement et un grand nombre de cartes que j&#8217;avais initialement incluses.<\/span><\/p>\n<p><span style=\"font-weight: 400;\">J&#8217;ai ensuite pu ajouter de nouveaux composants, comme le graphique \u00e0 barres et le graphique lin\u00e9aire, aux endroits o\u00f9 l&#8217;espace blanc \u00e9tait abondant. \u00c0 ce stade, ma ligne directrice est toujours bas\u00e9e sur cette suggestion de John Maeda, chef de file en mati\u00e8re de design : soustrayez ce qui est \u00e9vident et ajoutez ce qui est significatif.<\/span><\/p>\n<p><img decoding=\"async\" loading=\"lazy\" class=\"size-full wp-image-42216 aligncenter\" style=\"border: 2px solid #ddd;\" src=\"https:\/\/venngage-wordpress.s3.amazonaws.com\/uploads\/2021\/01\/c18fe187-02dd-4455-8441-016125974677-3.png\" alt=\"c18fe187-02dd-4455-8441-016125974677 (3)\" width=\"3750\" height=\"1962\" \/><\/p>\n<p><span style=\"font-weight: 400;\">Une fois toutes les pi\u00e8ces en place, j&#8217;ai pu r\u00e9fl\u00e9chir aux \u00e9l\u00e9ments visuels tels que les ic\u00f4nes et les arri\u00e8re-plans. L\u00e0 encore, je voulais utiliser ces \u00e9l\u00e9ments non pas simplement pour attirer l&#8217;attention des lecteurs, mais pour les aider \u00e0 comprendre. J&#8217;ai fait en sorte que les points associ\u00e9s aux \u00e9v\u00e9nements majeurs soient plus grands que les autres et j&#8217;ai color\u00e9 l&#8217;arri\u00e8re-plan pour sugg\u00e9rer subtilement la mani\u00e8re dont ces \u00e9v\u00e9nements ont fa\u00e7onn\u00e9 les \u00e9tapes de la premi\u00e8re ann\u00e9e, de la d\u00e9couverte \u00e0 la pr\u00e9vention en passant par la r\u00e9ponse.<\/span><\/p>\n<p><span style=\"font-weight: 400;\">Les visualisations, en particulier, ont n\u00e9cessit\u00e9 une attention particuli\u00e8re. Je voulais conserver les cartes de la Chine et des \u00c9tats-Unis, car il s&#8217;agissait de pays o\u00f9 les mentions \u00e9taient importantes. Les pictogrammes \u00e9taient le meilleur moyen de montrer le nombre massif de cas, j&#8217;ai donc fait quelques calculs rapides et exp\u00e9riment\u00e9 des moyens de montrer comment ces chiffres ont augment\u00e9 de fa\u00e7on exponentielle au cours de l&#8217;ann\u00e9e \u00e9coul\u00e9e tout en minimisant l&#8217;encombrement visuel. Apr\u00e8s avoir trouv\u00e9 des ensembles de donn\u00e9es suppl\u00e9mentaires, j&#8217;ai nettoy\u00e9 les donn\u00e9es pour les utiliser dans les graphiques et je me suis assur\u00e9 que les barres et les graphiques lin\u00e9aires que j&#8217;ai ajout\u00e9s \u00e9taient bien \u00e9tiquet\u00e9s.<\/span><\/p>\n<p><img decoding=\"async\" loading=\"lazy\" class=\"wp-image-42238 size-full aligncenter\" style=\"border: 2px solid #ddd;\" src=\"https:\/\/venngage-wordpress.s3.amazonaws.com\/uploads\/2021\/01\/covid-19-timeline-infographic-unemployment.jpg\" alt=\"covid-19 timeline \" width=\"1369\" height=\"940\" \/> <img decoding=\"async\" loading=\"lazy\" class=\"wp-image-42239 size-full aligncenter\" style=\"border: 2px solid #ddd;\" src=\"https:\/\/venngage-wordpress.s3.amazonaws.com\/uploads\/2021\/01\/covid-19-timeline-infographic-bipoc.jpg\" alt=\"covid-19 timeline \" width=\"1349\" height=\"1225\" \/><\/p>\n<h3><b>6. Ajout d&#8217;\u00e9l\u00e9ments de conception comme les couleurs et les polices de caract\u00e8res<\/b><\/h3>\n<p><span style=\"font-weight: 400;\">Enfin, il \u00e9tait temps de proc\u00e9der au polissage final. En faisant attention \u00e0 l&#8217;espacement et \u00e0 l&#8217;utilisation des espaces blancs, j&#8217;ai ajout\u00e9 des ic\u00f4nes et r\u00e9duit la taille des polices pour les textes moins importants. Puis j&#8217;ai exp\u00e9riment\u00e9 des palettes de couleurs pour m&#8217;assurer que j&#8217;utilisais des couleurs qui allaient bien ensemble et permettaient une bonne lisibilit\u00e9. J&#8217;ai \u00e9galement v\u00e9rifi\u00e9 l&#8217;orthographe et la grammaire du texte de l&#8217;infographie.<\/span><\/p>\n<p><span style=\"font-weight: 400;\">Pour mon \u00e9valuation finale, je me suis demand\u00e9 si cette conception permettait \u00e0 quelqu&#8217;un d&#8217;apprendre facilement de nouvelles informations, et si les \u00e9l\u00e9ments visuels en particulier l&#8217;amenaient \u00e0 avoir de nouvelles id\u00e9es ou des &#8220;aha&#8221;. Veuillez ajouter vos commentaires ci-dessous pour me faire part de votre opinion.<\/span><\/p>\n<p><span style=\"font-weight: 400;\">Si vous aimez cette infographie, n&#8217;oubliez pas de consulter celles que nous avons cr\u00e9\u00e9es sur la <\/span><a href=\"https:\/\/fr.venngage.com\/blog\/coronavirus-crise-refugies-infographie\/\"><span style=\"font-weight: 400;\">pand\u00e9mie de coronavirus et la crise des r\u00e9fugi\u00e9s <\/span><\/a><span style=\"font-weight: 400;\">et sur l&#8217;<\/span><a href=\"https:\/\/fr.venngage.com\/blog\/coronavirus-limpact-de-pandemie\/\"><span style=\"font-weight: 400;\">impact de la pand\u00e9mie de coronavirus sur l&#8217;environnement<\/span><\/a><span style=\"font-weight: 400;\">.<\/span><\/p>\n<p><span style=\"font-weight: 400;\">Si vous voulez utiliser Venngage pour cr\u00e9er votre propre ligne du temps, vous pouvez <\/span><a href=\"https:\/\/fr.venngage.com\/editeur-frise-chronologique\/\"><span style=\"font-weight: 400;\">commencer ici<\/span><\/a><span style=\"font-weight: 400;\">.<\/span><\/p>\n<p><center><a href=\"https:\/\/fr.venngage.com\/editeur-frise-chronologique\/\"><button class=\"btn-cta\"><b>FAIRE UNE CHRONOLOGIE<\/b><\/button><\/a><\/center><\/p>\n","protected":false},"excerpt":{"rendered":"<p>En 2020, il est clair que le monde n&#8217;a jamais connu une telle ann\u00e9e. Au moment de la publication, le COVID-19 a touch\u00e9 plus de 200 pays, avec plus de 100 millions de cas et deux millions de d\u00e9c\u00e8s \u00e0 ce jour, selon le Wall Street Journal. En tant que plateforme de communication d&#8217;informations complexes, [&hellip;]<\/p>\n","protected":false},"author":20,"featured_media":968,"comment_status":"open","ping_status":"closed","sticky":false,"template":"","format":"standard","meta":[],"categories":[13,12],"tags":[],"yoast_head":"<!-- This site is optimized with the Yoast SEO plugin v17.3 - https:\/\/yoast.com\/wordpress\/plugins\/seo\/ -->\n<meta name=\"description\" content=\"\u00c0 l&#039;approche d&#039;une ann\u00e9e de verrouillage, cette infographie sur la chronologie de COVID-19 revient sur les principaux \u00e9v\u00e9nements survenus \u00e0 ce jour, qu&#039;ils soient scientifiques, politiques ou \u00e9conomiques.\" \/>\n<meta name=\"robots\" content=\"index, follow, max-snippet:-1, max-image-preview:large, max-video-preview:-1\" \/>\n<link rel=\"canonical\" href=\"https:\/\/fr.venngage.com\/blog\/covid-chronologie-moments-critiques\/\" \/>\n<meta property=\"og:locale\" content=\"fr_FR\" \/>\n<meta property=\"og:type\" content=\"article\" \/>\n<meta property=\"og:title\" content=\"Chronologie de COVID-19 : Moments critiques de la premi\u00e8re ann\u00e9e\" \/>\n<meta property=\"og:description\" content=\"\u00c0 l&#039;approche d&#039;une ann\u00e9e de verrouillage, cette infographie sur la chronologie de COVID-19 revient sur les principaux \u00e9v\u00e9nements survenus \u00e0 ce jour, qu&#039;ils soient scientifiques, politiques ou \u00e9conomiques.\" \/>\n<meta property=\"og:url\" content=\"https:\/\/fr.venngage.com\/blog\/covid-chronologie-moments-critiques\/\" \/>\n<meta property=\"og:site_name\" content=\"Venngage Blog\" \/>\n<meta property=\"article:publisher\" content=\"https:\/\/www.facebook.com\/Venngage\" \/>\n<meta property=\"article:published_time\" content=\"2021-09-07T16:44:43+00:00\" \/>\n<meta property=\"article:modified_time\" content=\"2022-02-17T14:29:38+00:00\" \/>\n<meta property=\"og:image\" content=\"https:\/\/venngage-wordpress-fr.s3.amazonaws.com\/uploads\/2021\/08\/covid-timeline-blog-header.png\" \/>\n\t<meta property=\"og:image:width\" content=\"3200\" \/>\n\t<meta property=\"og:image:height\" content=\"1800\" \/>\n<meta name=\"twitter:card\" content=\"summary\" \/>\n<meta name=\"twitter:creator\" content=\"@venngage\" \/>\n<meta name=\"twitter:site\" content=\"@venngage\" \/>\n<meta name=\"twitter:label1\" content=\"Written by\" \/>\n\t<meta name=\"twitter:data1\" content=\"Lydia Hooper\" \/>\n\t<meta name=\"twitter:label2\" content=\"Est. reading time\" \/>\n\t<meta name=\"twitter:data2\" content=\"9 minutes\" \/>\n<script type=\"application\/ld+json\" class=\"yoast-schema-graph\">{\"@context\":\"https:\/\/schema.org\",\"@graph\":[{\"@type\":\"WebSite\",\"@id\":\"https:\/\/fr.venngage.com\/blog\/#website\",\"url\":\"https:\/\/fr.venngage.com\/blog\/\",\"name\":\"Venngage Blog\",\"description\":\"Venngage Infographie\",\"potentialAction\":[{\"@type\":\"SearchAction\",\"target\":{\"@type\":\"EntryPoint\",\"urlTemplate\":\"https:\/\/fr.venngage.com\/blog\/?s={search_term_string}\"},\"query-input\":\"required name=search_term_string\"}],\"inLanguage\":\"fr-FR\"},{\"@type\":\"ImageObject\",\"@id\":\"https:\/\/fr.venngage.com\/blog\/covid-chronologie-moments-critiques\/#primaryimage\",\"inLanguage\":\"fr-FR\",\"url\":\"https:\/\/venngage-wordpress-fr.s3.amazonaws.com\/uploads\/2021\/08\/covid-timeline-blog-header.png\",\"contentUrl\":\"https:\/\/venngage-wordpress-fr.s3.amazonaws.com\/uploads\/2021\/08\/covid-timeline-blog-header.png\",\"width\":3200,\"height\":1800,\"caption\":\"covid-timeline-blog-header\"},{\"@type\":\"WebPage\",\"@id\":\"https:\/\/fr.venngage.com\/blog\/covid-chronologie-moments-critiques\/#webpage\",\"url\":\"https:\/\/fr.venngage.com\/blog\/covid-chronologie-moments-critiques\/\",\"name\":\"Chronologie de COVID-19 : Moments critiques de la premi\\u00e8re ann\\u00e9e\",\"isPartOf\":{\"@id\":\"https:\/\/fr.venngage.com\/blog\/#website\"},\"primaryImageOfPage\":{\"@id\":\"https:\/\/fr.venngage.com\/blog\/covid-chronologie-moments-critiques\/#primaryimage\"},\"datePublished\":\"2021-09-07T16:44:43+00:00\",\"dateModified\":\"2022-02-17T14:29:38+00:00\",\"author\":{\"@id\":\"https:\/\/fr.venngage.com\/blog\/#\/schema\/person\/f2c32f49b8d24120dc4c3851d171b351\"},\"description\":\"\\u00c0 l'approche d'une ann\\u00e9e de verrouillage, cette infographie sur la chronologie de COVID-19 revient sur les principaux \\u00e9v\\u00e9nements survenus \\u00e0 ce jour, qu'ils soient scientifiques, politiques ou \\u00e9conomiques.\",\"breadcrumb\":{\"@id\":\"https:\/\/fr.venngage.com\/blog\/covid-chronologie-moments-critiques\/#breadcrumb\"},\"inLanguage\":\"fr-FR\",\"potentialAction\":[{\"@type\":\"ReadAction\",\"target\":[\"https:\/\/fr.venngage.com\/blog\/covid-chronologie-moments-critiques\/\"]}]},{\"@type\":\"BreadcrumbList\",\"@id\":\"https:\/\/fr.venngage.com\/blog\/covid-chronologie-moments-critiques\/#breadcrumb\",\"itemListElement\":[{\"@type\":\"ListItem\",\"position\":1,\"name\":\"Blog\",\"item\":\"https:\/\/fr.venngage.com\/blog\/\"},{\"@type\":\"ListItem\",\"position\":2,\"name\":\"Infographies\",\"item\":\"https:\/\/fr.venngage.com\/blog\/category\/infographies\/\"},{\"@type\":\"ListItem\",\"position\":3,\"name\":\"Chronologie du COVID-19 : Moments critiques de la premi\\u00e8re ann\\u00e9e\"}]},{\"@type\":\"Person\",\"@id\":\"https:\/\/fr.venngage.com\/blog\/#\/schema\/person\/f2c32f49b8d24120dc4c3851d171b351\",\"name\":\"Lydia Hooper\",\"image\":{\"@type\":\"ImageObject\",\"@id\":\"https:\/\/fr.venngage.com\/blog\/#personlogo\",\"inLanguage\":\"fr-FR\",\"url\":\"https:\/\/secure.gravatar.com\/avatar\/ff8acb41c94b1538ff073b8e0c24de98?s=96&d=mm&r=g\",\"contentUrl\":\"https:\/\/secure.gravatar.com\/avatar\/ff8acb41c94b1538ff073b8e0c24de98?s=96&d=mm&r=g\",\"caption\":\"Lydia Hooper\"},\"url\":\"https:\/\/fr.venngage.com\/blog\/author\/lydia-hooper\/\"}]}<\/script>\n<!-- \/ Yoast SEO plugin. -->","yoast_head_json":{"description":"\u00c0 l'approche d'une ann\u00e9e de verrouillage, cette infographie sur la chronologie de COVID-19 revient sur les principaux \u00e9v\u00e9nements survenus \u00e0 ce jour, qu'ils soient scientifiques, politiques ou \u00e9conomiques.","robots":{"index":"index","follow":"follow","max-snippet":"max-snippet:-1","max-image-preview":"max-image-preview:large","max-video-preview":"max-video-preview:-1"},"canonical":"https:\/\/fr.venngage.com\/blog\/covid-chronologie-moments-critiques\/","og_locale":"fr_FR","og_type":"article","og_title":"Chronologie de COVID-19 : Moments critiques de la premi\u00e8re ann\u00e9e","og_description":"\u00c0 l'approche d'une ann\u00e9e de verrouillage, cette infographie sur la chronologie de COVID-19 revient sur les principaux \u00e9v\u00e9nements survenus \u00e0 ce jour, qu'ils soient scientifiques, politiques ou \u00e9conomiques.","og_url":"https:\/\/fr.venngage.com\/blog\/covid-chronologie-moments-critiques\/","og_site_name":"Venngage Blog","article_publisher":"https:\/\/www.facebook.com\/Venngage","article_published_time":"2021-09-07T16:44:43+00:00","article_modified_time":"2022-02-17T14:29:38+00:00","og_image":[{"width":3200,"height":1800,"url":"https:\/\/venngage-wordpress-fr.s3.amazonaws.com\/uploads\/2021\/08\/covid-timeline-blog-header.png","type":"image\/png"}],"twitter_card":"summary","twitter_creator":"@venngage","twitter_site":"@venngage","twitter_misc":{"Written by":"Lydia Hooper","Est. reading time":"9 minutes"},"schema":{"@context":"https:\/\/schema.org","@graph":[{"@type":"WebSite","@id":"https:\/\/fr.venngage.com\/blog\/#website","url":"https:\/\/fr.venngage.com\/blog\/","name":"Venngage Blog","description":"Venngage Infographie","potentialAction":[{"@type":"SearchAction","target":{"@type":"EntryPoint","urlTemplate":"https:\/\/fr.venngage.com\/blog\/?s={search_term_string}"},"query-input":"required name=search_term_string"}],"inLanguage":"fr-FR"},{"@type":"ImageObject","@id":"https:\/\/fr.venngage.com\/blog\/covid-chronologie-moments-critiques\/#primaryimage","inLanguage":"fr-FR","url":"https:\/\/venngage-wordpress-fr.s3.amazonaws.com\/uploads\/2021\/08\/covid-timeline-blog-header.png","contentUrl":"https:\/\/venngage-wordpress-fr.s3.amazonaws.com\/uploads\/2021\/08\/covid-timeline-blog-header.png","width":3200,"height":1800,"caption":"covid-timeline-blog-header"},{"@type":"WebPage","@id":"https:\/\/fr.venngage.com\/blog\/covid-chronologie-moments-critiques\/#webpage","url":"https:\/\/fr.venngage.com\/blog\/covid-chronologie-moments-critiques\/","name":"Chronologie de COVID-19 : Moments critiques de la premi\u00e8re ann\u00e9e","isPartOf":{"@id":"https:\/\/fr.venngage.com\/blog\/#website"},"primaryImageOfPage":{"@id":"https:\/\/fr.venngage.com\/blog\/covid-chronologie-moments-critiques\/#primaryimage"},"datePublished":"2021-09-07T16:44:43+00:00","dateModified":"2022-02-17T14:29:38+00:00","author":{"@id":"https:\/\/fr.venngage.com\/blog\/#\/schema\/person\/f2c32f49b8d24120dc4c3851d171b351"},"description":"\u00c0 l'approche d'une ann\u00e9e de verrouillage, cette infographie sur la chronologie de COVID-19 revient sur les principaux \u00e9v\u00e9nements survenus \u00e0 ce jour, qu'ils soient scientifiques, politiques ou \u00e9conomiques.","breadcrumb":{"@id":"https:\/\/fr.venngage.com\/blog\/covid-chronologie-moments-critiques\/#breadcrumb"},"inLanguage":"fr-FR","potentialAction":[{"@type":"ReadAction","target":["https:\/\/fr.venngage.com\/blog\/covid-chronologie-moments-critiques\/"]}]},{"@type":"BreadcrumbList","@id":"https:\/\/fr.venngage.com\/blog\/covid-chronologie-moments-critiques\/#breadcrumb","itemListElement":[{"@type":"ListItem","position":1,"name":"Blog","item":"https:\/\/fr.venngage.com\/blog\/"},{"@type":"ListItem","position":2,"name":"Infographies","item":"https:\/\/fr.venngage.com\/blog\/category\/infographies\/"},{"@type":"ListItem","position":3,"name":"Chronologie du COVID-19 : Moments critiques de la premi\u00e8re ann\u00e9e"}]},{"@type":"Person","@id":"https:\/\/fr.venngage.com\/blog\/#\/schema\/person\/f2c32f49b8d24120dc4c3851d171b351","name":"Lydia Hooper","image":{"@type":"ImageObject","@id":"https:\/\/fr.venngage.com\/blog\/#personlogo","inLanguage":"fr-FR","url":"https:\/\/secure.gravatar.com\/avatar\/ff8acb41c94b1538ff073b8e0c24de98?s=96&d=mm&r=g","contentUrl":"https:\/\/secure.gravatar.com\/avatar\/ff8acb41c94b1538ff073b8e0c24de98?s=96&d=mm&r=g","caption":"Lydia Hooper"},"url":"https:\/\/fr.venngage.com\/blog\/author\/lydia-hooper\/"}]}},"_links":{"self":[{"href":"https:\/\/fr.venngage.com\/blog\/wp-json\/wp\/v2\/posts\/967"}],"collection":[{"href":"https:\/\/fr.venngage.com\/blog\/wp-json\/wp\/v2\/posts"}],"about":[{"href":"https:\/\/fr.venngage.com\/blog\/wp-json\/wp\/v2\/types\/post"}],"author":[{"embeddable":true,"href":"https:\/\/fr.venngage.com\/blog\/wp-json\/wp\/v2\/users\/20"}],"replies":[{"embeddable":true,"href":"https:\/\/fr.venngage.com\/blog\/wp-json\/wp\/v2\/comments?post=967"}],"version-history":[{"count":3,"href":"https:\/\/fr.venngage.com\/blog\/wp-json\/wp\/v2\/posts\/967\/revisions"}],"predecessor-version":[{"id":2070,"href":"https:\/\/fr.venngage.com\/blog\/wp-json\/wp\/v2\/posts\/967\/revisions\/2070"}],"wp:featuredmedia":[{"embeddable":true,"href":"https:\/\/fr.venngage.com\/blog\/wp-json\/wp\/v2\/media\/968"}],"wp:attachment":[{"href":"https:\/\/fr.venngage.com\/blog\/wp-json\/wp\/v2\/media?parent=967"}],"wp:term":[{"taxonomy":"category","embeddable":true,"href":"https:\/\/fr.venngage.com\/blog\/wp-json\/wp\/v2\/categories?post=967"},{"taxonomy":"post_tag","embeddable":true,"href":"https:\/\/fr.venngage.com\/blog\/wp-json\/wp\/v2\/tags?post=967"}],"curies":[{"name":"wp","href":"https:\/\/api.w.org\/{rel}","templated":true}]}}